{"id":251021,"date":"2022-03-24T09:15:30","date_gmt":"2022-03-24T08:15:30","guid":{"rendered":"https:\/\/sts-oldenfelde.hamburg.de\/?p=251021"},"modified":"2025-06-18T12:08:24","modified_gmt":"2025-06-18T10:08:24","slug":"251021","status":"publish","type":"post","link":"https:\/\/sts-oldenfelde.hamburg.de\/?p=251021","title":{"rendered":"Sch\u00fcler:innen forschen zu NS-Opfer Hans M\u00fcller und pr\u00e4sentieren ihre Ergebnisse"},"content":{"rendered":"<p><img loading=\"lazy\" decoding=\"async\" class=\" wp-image-251024 alignnone\" src=\"https:\/\/sts-oldenfelde.hamburg.de\/wp-content\/uploads\/sites\/173\/2022\/03\/20220120_134612-300x138.jpg\" alt=\"\" width=\"863\" height=\"397\" srcset=\"https:\/\/sts-oldenfelde.hamburg.de\/wp-content\/uploads\/sites\/173\/2022\/03\/20220120_134612-300x138.jpg 300w, https:\/\/sts-oldenfelde.hamburg.de\/wp-content\/uploads\/sites\/173\/2022\/03\/20220120_134612-1024x472.jpg 1024w, https:\/\/sts-oldenfelde.hamburg.de\/wp-content\/uploads\/sites\/173\/2022\/03\/20220120_134612-768x354.jpg 768w, https:\/\/sts-oldenfelde.hamburg.de\/wp-content\/uploads\/sites\/173\/2022\/03\/20220120_134612-1536x709.jpg 1536w, https:\/\/sts-oldenfelde.hamburg.de\/wp-content\/uploads\/sites\/173\/2022\/03\/20220120_134612-2048x945.jpg 2048w, https:\/\/sts-oldenfelde.hamburg.de\/wp-content\/uploads\/sites\/173\/2022\/03\/20220120_134612-980x450.jpg 980w\" sizes=\"auto, (max-width: 863px) 100vw, 863px\" \/><\/p>\n<p>Am 6. M\u00e4rz 1942 wurde Hans M\u00fcller mit 22 Jahren am ehemaligen Schie\u00dfplatz H\u00f6ltigbaum von den Nationalsozialisten wegen &#8222;Zersetzung der Wehrkraft&#8220; hingerichtet. Zur Erinnerung an Hans M\u00fcller wurde dort, unterst\u00fctzt von der SPD-B\u00fcrgerschaftsabgeordneten Astrid Hennies, ein Stolpersteins verlegt. Begleitend haben acht Sch\u00fclerinnen und Sch\u00fcler der 10. Klassen unserer STS Oldenfelde zu Hans M\u00fcller und seiner Familie sowie der Geschichte des Schie\u00dfplatzes am H\u00f6ltigbaum und der Wehrmachtsjustiz in Hamburg geforscht und pr\u00e4sentieren ihre Ergebnisse bei drei Veranstaltungen.<\/p>\n<p><img loading=\"lazy\" decoding=\"async\" class=\"wp-image-251022 alignright\" src=\"https:\/\/sts-oldenfelde.hamburg.de\/wp-content\/uploads\/sites\/173\/2022\/03\/Bildschirmfoto-2022-03-24-um-09.14.57-150x300.png\" alt=\"\" width=\"249\" height=\"498\" srcset=\"https:\/\/sts-oldenfelde.hamburg.de\/wp-content\/uploads\/sites\/173\/2022\/03\/Bildschirmfoto-2022-03-24-um-09.14.57-150x300.png 150w, https:\/\/sts-oldenfelde.hamburg.de\/wp-content\/uploads\/sites\/173\/2022\/03\/Bildschirmfoto-2022-03-24-um-09.14.57-766x1536.png 766w\" sizes=\"auto, (max-width: 249px) 100vw, 249px\" \/>Am <strong>Sonntag, den 10. April, um 15 Uhr<\/strong> findet eine <strong>Gedenkstunde am ehemaligen Schie\u00dfplatz H\u00f6ltigbaum<\/strong> (Neuer H\u00f6ltigbaum\/ Ecke Sieker Landstra\u00dfe), an dem neu verlegten Stolperstein statt. Unter musikalischer Begleitung von Helmut Stuarnig (Hamburger Symphoniker i.R.) wird Astrid Hennies, die die Verlegung des Stolpersteins als Patin unterst\u00fctzt hat, zu seinem Gedenken sprechen. Zudem werden zwei Sch\u00fcler:innen der Stadtteilschule Oldenfelde aus dem Leben von Hans M\u00fcller erz\u00e4hlen.<\/p>\n<p>Am <strong>Sonnabend, den 23. April, um 15 Uhr<\/strong> wird es eine <strong>Gedenkveranstaltung mit Podiumsdiskussion in der Stadtteilschule Oldenfelde<\/strong>, Delingsdorfer Weg 6, geben. Hier werden Sch\u00fcler:innen der Stadtteilschule Oldenfelde unter anderem mit Wolfgang Kopitzsch, Bundes- und Landesvorsitzender des Arbeitskreises ehemals verfolgter und inhaftierter Sozialdemokraten (AvS) ins Gespr\u00e4ch kommen.<span class=\"Apple-converted-space\">&nbsp;<\/span><\/p>\n<p>Vom <strong>4. bis zum 23. April <\/strong>wird zudem eine <strong>Plakat-Ausstellung zum Schicksal Hans M\u00fcllers im KulturWerk Rahlstedt<\/strong>, Boizenburger Weg 7, gezeigt werden. Hier wird auch die Geschichte des Schie\u00dfplatzes H\u00f6ltigbaum und der Hamburger Wehrmachtjustiz beleuchtet werden. Die Ausstellung wurde von Sch\u00fcler:innen der Stadtteilschule Oldenfelde unter der Leitung des Geschichtslehrers J\u00f6rn Nissen erarbeitet.<\/p>\n<p><em>Anmeldungen zu den Veranstaltungen sind nicht erforderlich.<\/em><\/p>\n<p><strong>Zum Hintergrund:<\/strong><\/p>\n<p><b>Hans M\u00fcller<\/b> wurde 1920 in Hamburg geboren, sein Stiefvater stand als Angestellter der Baugewerkschaft vermutlich der SPD nahe. Zun\u00e4chst arbeitete Hans M\u00fcller als Artist im Circus Krone, sp\u00e4ter als Kraftfahrer f\u00fcr das Universit\u00e4tsklinikum Eppendorf. Seit seiner Einberufung in die Wehrmacht 1940 wurde er als Funker eingesetzt. Im Februar 1942 wurde Hans M\u00fcller vom Kriegsgericht wegen \u201eZersetzung der Wehrkraft\u201c zum Tode verurteilt und am 6. M\u00e4rz 1942 am Schie\u00dfplatz H\u00f6ltigbaum erschossen. Hans M\u00fcller war mit Margot M\u00fcller (geborene Sietz) verheiratet. Das Paar hatte zwei Kinder: Hannelore (geboren 1940) und Peter (geboren 1941).<\/p>\n<p>Am <b>H\u00f6ltigbaum<\/b> befand sich in der Zeit des Nationalsozialismus ein Truppen\u00fcbungsplatz mit Schie\u00dfst\u00e4nden. In den letzten Jahren des zweiten Weltkriegs wurden hier mindestens 330 Wehrmachstangeh\u00f6rige sowie Kriegsgefangene erschossen. Seit 2003 erinnert in der Stra\u00dfe Neuer H\u00f6ltigbaum\/ Ecke Sieker Landstra\u00dfe eine Gedenktafel an die Opfer. 2015 wurde zudem einige Meter entfernt eine Informationsstele aufgestellt. Der Regionalausschuss Rahlstedt hat zudem beschlossen, dass der Erinnerungsplatz zeitgem\u00e4\u00df gestaltet und f\u00fcr die breite \u00d6ffentlichkeit sichtbarer gemacht werden soll.<span class=\"Apple-converted-space\">&nbsp;<\/span><\/p>\n<p><em>Quelle: Pressemitteilung B\u00fcro Astrid Hennies&nbsp;<\/em><\/p>\n","protected":false},"excerpt":{"rendered":"<p>Am 6. M\u00e4rz 1942 wurde Hans M\u00fcller mit 22 Jahren am ehemaligen Schie\u00dfplatz H\u00f6ltigbaum von den Nationalsozialisten wegen &#8222;Zersetzung der Wehrkraft&#8220; hingerichtet. Zur Erinnerung an Hans M\u00fcller wurde dort, unterst\u00fctzt von der SPD-B\u00fcrgerschaftsabgeordneten Astrid&#46;&#46;&#46;<\/p>\n","protected":false},"author":728,"featured_media":251024,"comment_status":"closed","ping_status":"closed","sticky":false,"template":"","format":"standard","meta":{"_acf_changed":false,"footnotes":""},"categories":[31],"tags":[],"class_list":["post-251021","post","type-post","status-publish","format-standard","has-post-thumbnail","hentry","category-archiv"],"acf":[],"_links":{"self":[{"href":"https:\/\/sts-oldenfelde.hamburg.de\/index.php?rest_route=\/wp\/v2\/posts\/251021","targetHints":{"allow":["GET"]}}],"collection":[{"href":"https:\/\/sts-oldenfelde.hamburg.de\/index.php?rest_route=\/wp\/v2\/posts"}],"about":[{"href":"https:\/\/sts-oldenfelde.hamburg.de\/index.php?rest_route=\/wp\/v2\/types\/post"}],"author":[{"embeddable":true,"href":"https:\/\/sts-oldenfelde.hamburg.de\/index.php?rest_route=\/wp\/v2\/users\/728"}],"replies":[{"embeddable":true,"href":"https:\/\/sts-oldenfelde.hamburg.de\/index.php?rest_route=%2Fwp%2Fv2%2Fcomments&post=251021"}],"version-history":[{"count":14,"href":"https:\/\/sts-oldenfelde.hamburg.de\/index.php?rest_route=\/wp\/v2\/posts\/251021\/revisions"}],"predecessor-version":[{"id":251037,"href":"https:\/\/sts-oldenfelde.hamburg.de\/index.php?rest_route=\/wp\/v2\/posts\/251021\/revisions\/251037"}],"wp:featuredmedia":[{"embeddable":true,"href":"https:\/\/sts-oldenfelde.hamburg.de\/index.php?rest_route=\/wp\/v2\/media\/251024"}],"wp:attachment":[{"href":"https:\/\/sts-oldenfelde.hamburg.de\/index.php?rest_route=%2Fwp%2Fv2%2Fmedia&parent=251021"}],"wp:term":[{"taxonomy":"category","embeddable":true,"href":"https:\/\/sts-oldenfelde.hamburg.de\/index.php?rest_route=%2Fwp%2Fv2%2Fcategories&post=251021"},{"taxonomy":"post_tag","embeddable":true,"href":"https:\/\/sts-oldenfelde.hamburg.de\/index.php?rest_route=%2Fwp%2Fv2%2Ftags&post=251021"}],"curies":[{"name":"wp","href":"https:\/\/api.w.org\/{rel}","templated":true}]}}